{"id":1979,"date":"2015-08-21T19:18:25","date_gmt":"2015-08-21T16:18:25","guid":{"rendered":"http:\/\/www.turksem.com\/?p=1979"},"modified":"2015-08-21T19:18:25","modified_gmt":"2015-08-21T16:18:25","slug":"turk-sem-logolarimiz","status":"publish","type":"post","link":"https:\/\/otel.name.tr\/index.php\/2015\/08\/21\/turk-sem-logolarimiz\/","title":{"rendered":"T\u00fcrk SEM Logolar\u0131m\u0131z"},"content":{"rendered":"<p style=\"text-align: justify;\">Logomuzun tam olarak bizi yans\u0131tmad\u0131\u011f\u0131n\u0131 d\u00fc\u015f\u00fcnd\u00fckten sonra bir ka\u00e7 farkl\u0131 profesyonel tasar\u0131mc\u0131dan logo iste\u011fimiz oldu. <strong>2<\/strong> ayr\u0131 logo aras\u0131ndan birisini tercih etmemiz gerekli. Renk uyumu siteyle daha \u00e7ok uydu\u011funu d\u00fc\u015f\u00fcnd\u00fc\u011f\u00fcm\u00fcz \u015fu an ki kullan\u0131mda olan logoyu kullanmaya karar verdik.<\/p>\n<blockquote><p><strong>Karar size ait siz hangi logoyu tercih ederdiniz?<br \/>\n1. Logo ve 2. Logo yaz\u0131n\u0131n devam\u0131nda.<\/strong><\/p><\/blockquote>\n<p><!--more--><\/p>\n<h3>1. Logo \u00c7al\u0131\u015fmas\u0131<\/h3>\n<p><img fetchpriority=\"high\" decoding=\"async\" class=\"aligncenter wp-image-70929 size-full\" src=\"https:\/\/otel.name.tr\/wp-content\/uploads\/2023\/05\/turksem.fw_-4-1-9-KareLogo-Beyaz.jpg\" alt=\"\" width=\"591\" height=\"591\" srcset=\"https:\/\/otel.name.tr\/wp-content\/uploads\/2023\/05\/turksem.fw_-4-1-9-KareLogo-Beyaz.jpg 591w, https:\/\/otel.name.tr\/wp-content\/uploads\/2023\/05\/turksem.fw_-4-1-9-KareLogo-Beyaz-300x300.jpg 300w, https:\/\/otel.name.tr\/wp-content\/uploads\/2023\/05\/turksem.fw_-4-1-9-KareLogo-Beyaz-150x150.jpg 150w\" sizes=\"(max-width: 591px) 100vw, 591px\" \/><\/p>\n<h3>2. Logo \u00c7al\u0131\u015fmas\u0131<\/h3>\n<p style=\"text-align: center;\"><img decoding=\"async\" class=\"aligncenter wp-image-70852 size-full\" src=\"https:\/\/otel.name.tr\/wp-content\/uploads\/2023\/05\/turksem.fw_-4-1-9-KareLogo.jpg\" alt=\"\" width=\"591\" height=\"591\" srcset=\"https:\/\/otel.name.tr\/wp-content\/uploads\/2023\/05\/turksem.fw_-4-1-9-KareLogo.jpg 591w, https:\/\/otel.name.tr\/wp-content\/uploads\/2023\/05\/turksem.fw_-4-1-9-KareLogo-300x300.jpg 300w, https:\/\/otel.name.tr\/wp-content\/uploads\/2023\/05\/turksem.fw_-4-1-9-KareLogo-150x150.jpg 150w\" sizes=\"(max-width: 591px) 100vw, 591px\" \/><\/p>\n<h3>Yatay Logo<\/h3>\n<p><img decoding=\"async\" class=\"aligncenter wp-image-70930 size-full\" src=\"https:\/\/otel.name.tr\/wp-content\/uploads\/2023\/05\/cropped-turksem.fw_-4-1-9-KareLogo-Beyaz.jpg\" alt=\"\" width=\"591\" height=\"197\" srcset=\"https:\/\/otel.name.tr\/wp-content\/uploads\/2023\/05\/cropped-turksem.fw_-4-1-9-KareLogo-Beyaz.jpg 591w, https:\/\/otel.name.tr\/wp-content\/uploads\/2023\/05\/cropped-turksem.fw_-4-1-9-KareLogo-Beyaz-300x100.jpg 300w\" sizes=\"(max-width: 591px) 100vw, 591px\" \/><\/p>\n","protected":false},"excerpt":{"rendered":"<p>Logomuzun tam olarak bizi yans\u0131tmad\u0131\u011f\u0131n\u0131 d\u00fc\u015f\u00fcnd\u00fckten sonra bir ka\u00e7 farkl\u0131 profesyonel tasar\u0131mc\u0131dan logo iste\u011fimiz oldu. 2 ayr\u0131 logo aras\u0131ndan birisini tercih etmemiz gerekli. Renk uyumu siteyle daha \u00e7ok uydu\u011funu d\u00fc\u015f\u00fcnd\u00fc\u011f\u00fcm\u00fcz \u015fu an ki kullan\u0131mda olan logoyu kullanmaya karar verdik. Karar size ait siz hangi logoyu tercih ederdiniz? 1. Logo ve 2. Logo yaz\u0131n\u0131n devam\u0131nda.<\/p>\n","protected":false},"author":1,"featured_media":70902,"comment_status":"open","ping_status":"open","sticky":false,"template":"","format":"standard","meta":{"footnotes":""},"categories":[4],"tags":[],"class_list":["post-1979","post","type-post","status-publish","format-standard","has-post-thumbnail","hentry","category-bizden-gelismeler"],"_links":{"self":[{"href":"https:\/\/otel.name.tr\/index.php\/wp-json\/wp\/v2\/posts\/1979","targetHints":{"allow":["GET"]}}],"collection":[{"href":"https:\/\/otel.name.tr\/index.php\/wp-json\/wp\/v2\/posts"}],"about":[{"href":"https:\/\/otel.name.tr\/index.php\/wp-json\/wp\/v2\/types\/post"}],"author":[{"embeddable":true,"href":"https:\/\/otel.name.tr\/index.php\/wp-json\/wp\/v2\/users\/1"}],"replies":[{"embeddable":true,"href":"https:\/\/otel.name.tr\/index.php\/wp-json\/wp\/v2\/comments?post=1979"}],"version-history":[{"count":0,"href":"https:\/\/otel.name.tr\/index.php\/wp-json\/wp\/v2\/posts\/1979\/revisions"}],"wp:featuredmedia":[{"embeddable":true,"href":"https:\/\/otel.name.tr\/index.php\/wp-json\/wp\/v2\/media\/70902"}],"wp:attachment":[{"href":"https:\/\/otel.name.tr\/index.php\/wp-json\/wp\/v2\/media?parent=1979"}],"wp:term":[{"taxonomy":"category","embeddable":true,"href":"https:\/\/otel.name.tr\/index.php\/wp-json\/wp\/v2\/categories?post=1979"},{"taxonomy":"post_tag","embeddable":true,"href":"https:\/\/otel.name.tr\/index.php\/wp-json\/wp\/v2\/tags?post=1979"}],"curies":[{"name":"wp","href":"https:\/\/api.w.org\/{rel}","templated":true}]}}