{"id":74898,"date":"2024-03-14T19:37:16","date_gmt":"2024-03-14T16:37:16","guid":{"rendered":"https:\/\/www.turksem.com\/?p=74898"},"modified":"2024-03-14T19:37:16","modified_gmt":"2024-03-14T16:37:16","slug":"tatil-staj-2024","status":"publish","type":"post","link":"https:\/\/otel.name.tr\/index.php\/2024\/03\/14\/tatil-staj-2024\/","title":{"rendered":"Tatil.com 2024 Yaz Staj Ba\u015fvurusu"},"content":{"rendered":"\n<p><strong>T\u00fcrkiye&#8217;nin ilk tatil sitesi, \u00f6nc\u00fc turizm acentas\u0131 Tatil.com 2024 y\u0131l\u0131nda stajyer \u00f6\u011frenci al\u0131m\u0131na ba\u015flad\u0131.<\/strong> \u0130lgili stajyer \u00f6\u011frenciler <strong>Yeni Sahra<\/strong>&#8216;da bulunan Tatil.com genel merkezinde \u00e7al\u0131\u015fmalar\u0131n\u0131 y\u00fcr\u00fctecektir. <\/p>\n\n\n\n<p class=\"has-background\" style=\"background-color:#abb7c217\"><a href=\"https:\/\/www.tatil.com\"><strong><mark style=\"background-color:rgba(0, 0, 0, 0)\" class=\"has-inline-color has-vivid-cyan-blue-color\">Tatil.com<\/mark><\/strong><\/a>; 2023 y\u0131l\u0131nda \u015eikayet Var taraf\u0131ndan verilen turizm sekt\u00f6r\u00fcnde T\u00fcrkiye&#8217;nin en ba\u015far\u0131l\u0131 m\u00fc\u015fteri hizmetleri \u00f6d\u00fcl\u00fcn\u00fc alm\u0131\u015ft\u0131r.<\/p>\n\n\n\n<p><strong>Bilgi : <\/strong>Bu ilana son ba\u015fvuru s\u00fcresi <strong>Haziran 2024<\/strong>&#8216;t\u00fcr. <\/p>\n\n\n\n<figure class=\"wp-block-image size-full is-resized\"><a href=\"https:\/\/otel.name.tr\/wp-content\/uploads\/2022\/10\/tatil-com-logo.png\"><img fetchpriority=\"high\" decoding=\"async\" width=\"400\" height=\"222\" src=\"https:\/\/otel.name.tr\/wp-content\/uploads\/2022\/10\/tatil-com-logo.png\" alt=\"\" class=\"wp-image-3638\" style=\"width:193px;height:auto\" srcset=\"https:\/\/otel.name.tr\/wp-content\/uploads\/2022\/10\/tatil-com-logo.png 400w, https:\/\/otel.name.tr\/wp-content\/uploads\/2022\/10\/tatil-com-logo-300x167.png 300w\" sizes=\"(max-width: 400px) 100vw, 400px\" \/><\/a><\/figure>\n\n\n\n<h2 class=\"wp-block-heading\">Ba\u015fvuru \u015eartlar\u0131<\/h2>\n\n\n\n<ul class=\"wp-block-list\">\n<li>M\u00fchendislik b\u00f6l\u00fcm\u00fc 3. veya 4. s\u0131n\u0131f \u00f6\u011frencisi olmal\u0131d\u0131r. <\/li>\n\n\n\n<li>Yeni Sahra&#8217;da Tatil.com genel merkezine ula\u015f\u0131m sorunu olmamal\u0131d\u0131r.<\/li>\n\n\n\n<li>PHP kodlama diline hakim olmal\u0131d\u0131r.<\/li>\n\n\n\n<li>WordPress eklenti veya tema geli\u015ftirmesinde g\u00f6rev alabilmelidir.<\/li>\n\n\n\n<li>\u00d6\u011frenmeye a\u00e7\u0131k olmal\u0131d\u0131r.<\/li>\n\n\n\n<li>Temel SEO kriterlerine hakim olmal\u0131d\u0131r.<\/li>\n<\/ul>\n\n\n\n<h2 class=\"wp-block-heading\">Ba\u015fvuru<\/h2>\n\n\n<p>[contact-form-7 id=&#8221;dd33905&#8243; title=&#8221;Tatilcom Staj Ba\u015fvurusu&#8221;]<\/p>\n\n\n\n<p><\/p>\n","protected":false},"excerpt":{"rendered":"<p>T\u00fcrkiye&#8217;nin ilk tatil sitesi, \u00f6nc\u00fc turizm acentas\u0131 Tatil.com 2024 y\u0131l\u0131nda stajyer \u00f6\u011frenci al\u0131m\u0131na ba\u015flad\u0131. \u0130lgili stajyer \u00f6\u011frenciler Yeni Sahra&#8216;da bulunan Tatil.com genel merkezinde \u00e7al\u0131\u015fmalar\u0131n\u0131 y\u00fcr\u00fctecektir. Tatil.com; 2023 y\u0131l\u0131nda \u015eikayet Var taraf\u0131ndan verilen turizm sekt\u00f6r\u00fcnde T\u00fcrkiye&#8217;nin en ba\u015far\u0131l\u0131 m\u00fc\u015fteri hizmetleri \u00f6d\u00fcl\u00fcn\u00fc alm\u0131\u015ft\u0131r. Bilgi : Bu ilana son ba\u015fvuru s\u00fcresi Haziran 2024&#8216;t\u00fcr. Ba\u015fvuru \u015eartlar\u0131 Ba\u015fvuru<\/p>\n","protected":false},"author":1,"featured_media":74833,"comment_status":"open","ping_status":"open","sticky":false,"template":"","format":"standard","meta":{"footnotes":""},"categories":[6],"tags":[],"class_list":["post-74898","post","type-post","status-publish","format-standard","has-post-thumbnail","hentry","category-genel"],"_links":{"self":[{"href":"https:\/\/otel.name.tr\/index.php\/wp-json\/wp\/v2\/posts\/74898","targetHints":{"allow":["GET"]}}],"collection":[{"href":"https:\/\/otel.name.tr\/index.php\/wp-json\/wp\/v2\/posts"}],"about":[{"href":"https:\/\/otel.name.tr\/index.php\/wp-json\/wp\/v2\/types\/post"}],"author":[{"embeddable":true,"href":"https:\/\/otel.name.tr\/index.php\/wp-json\/wp\/v2\/users\/1"}],"replies":[{"embeddable":true,"href":"https:\/\/otel.name.tr\/index.php\/wp-json\/wp\/v2\/comments?post=74898"}],"version-history":[{"count":0,"href":"https:\/\/otel.name.tr\/index.php\/wp-json\/wp\/v2\/posts\/74898\/revisions"}],"wp:featuredmedia":[{"embeddable":true,"href":"https:\/\/otel.name.tr\/index.php\/wp-json\/wp\/v2\/media\/74833"}],"wp:attachment":[{"href":"https:\/\/otel.name.tr\/index.php\/wp-json\/wp\/v2\/media?parent=74898"}],"wp:term":[{"taxonomy":"category","embeddable":true,"href":"https:\/\/otel.name.tr\/index.php\/wp-json\/wp\/v2\/categories?post=74898"},{"taxonomy":"post_tag","embeddable":true,"href":"https:\/\/otel.name.tr\/index.php\/wp-json\/wp\/v2\/tags?post=74898"}],"curies":[{"name":"wp","href":"https:\/\/api.w.org\/{rel}","templated":true}]}}